{"id":475,"date":"2020-12-17T14:04:14","date_gmt":"2020-12-17T13:04:14","guid":{"rendered":"http:\/\/www.snepfsu-martinique.net\/?p=475"},"modified":"2020-12-17T14:04:16","modified_gmt":"2020-12-17T13:04:16","slug":"non-au-volet-sportif-des-2s2c","status":"publish","type":"post","link":"https:\/\/www.snepfsu-martinique.net\/index.php\/2020\/12\/17\/non-au-volet-sportif-des-2s2c\/","title":{"rendered":"Non au volet sportif des 2S2C !!!"},"content":{"rendered":"\n<p>Evoqu\u00e9 fin avril puis officialis\u00e9 le 8 mai, Le ministre de l\u2019\u00e9ducation nationale a d\u00e9cid\u00e9 la mise en place pour la rentr\u00e9e de mai un nouveau dispositif nomm\u00e9 : \u00ab Sport, Sant\u00e9, Culture, Civisme \u00bb (2S2C).<\/p>\n\n\n\n<p>Pr\u00e9sent\u00e9 comme une organisa:on ponctuelle et destin\u00e9e \u00e0 permettre la prise en charge des \u00e9l\u00e8ves qui ne pourraient avoir cours avec leur professeur en raison de l\u2019organisation du travail en groupe restreint, ce dispositif pouvait avoir un sens : favoriser une pratique sportive plut\u00f4t que rien.<\/p>\n\n\n\n<p>M\u00eame si des questions se posaient sur la gestion sanitaire et le contenu propos\u00e9 aux \u00e9l\u00e8ves, le cadre pos\u00e9 par Le Minist\u00e8re (respect strict des protocoles sanitaires, dis:nc:on entre cours d\u2019EPS et pratique d\u2019APS), rassurait sur l\u2019intention premi\u00e8re : compl\u00e9ter comme on le pouvait le manque de pratique en EPS, r\u00e9sultant d\u2019une rentr\u00e9e \u00e9chelonn\u00e9e.<\/p>\n\n\n\n<p>Or, la donne vient de changer. Questionn\u00e9 en GT du CHSCT par le SNEP Martinique,&nbsp;Le Rectorat souhaite faire perdurer ce dispositif \u00e0 la rentr\u00e9e de septembre. Ce n\u2019est donc plus un dispositif d\u2019urgence pour faire, faute de mieux, c\u2019est un changement de concep:on de l\u2019enseignement de l\u2019\u00e9duca:on physique \u00e0 l\u2019\u00e9cole. C\u2019est l\u2019externalisation de l\u2019\u00e9ducation physique, une vieille lune qui nous ram\u00e8ne 50 ans en arri\u00e8re (avec les CAS des ann\u00e9es 70) dont le r\u00e9sultat est une r\u00e9gression scolaire,&nbsp;\u00e9ducative et sociale.<\/p>\n\n\n\n<p>C\u2019est ainsi l\u2019aveu d\u2019une m\u00e9connaissance, au plus haut niveau de l\u2019Etat, de la qualit\u00e9 du syst\u00e8me actuel fran\u00e7ais dans l\u2019enseignement des pratiques physiques et pour reprendre en par:e une tribune du caf\u00e9 p\u00e9dagogique mettant en balance profil des \u00e9ducateurs sportifs et enseignants d\u2019EPS :<\/p>\n\n\n\n<ul><li>&nbsp;<strong>Les enseignants d\u2019EPS<\/strong>&nbsp;sont recrut\u00e9s \u00e0 BAC+5<\/li><li>&nbsp;<strong>Les enseignants d\u2019EPS<\/strong>, polyvalents&nbsp;ils permettent la diffusion d\u2019une culture sportive \u00e9clectique \u00e0 des publics qui n\u2019y aurait jamais&nbsp;eu acc\u00e8s (escalade, natation, arts du cirque, etc.) et de r\u00e9pondre ainsi \u00e0 l\u2019objectif d\u2019 \u00ab \u00e9galit\u00e9 \u00bbr\u00e9publicaine.<\/li><li>&nbsp;<strong>Les enseignants d\u2019EPS<\/strong>&nbsp;donnent acc\u00e8s \u00e0 ces activit\u00e9s sportives \u00e0 des publics \u00e0 besoins \u00e9ducatifs particuliers (\u00e9l\u00e8ves en surpoids,&nbsp;en situation de handicap, etc.).<\/li><li><strong>&nbsp;Les enseignants d\u2019EPS<\/strong>&nbsp;inscrivent les pratiques sportives dans une logique d\u2019accomplissement personnel et de progr\u00e8s physique&nbsp;Au-del\u00e0 de tout cela, les enseignants d\u2019EPS sont form\u00e9s \u00e0 un public non volontaire et dont les niveaux de pra:que, les capacit\u00e9s physiques ou motivationnelles de d\u00e9part sont tr\u00e8s h\u00e9t\u00e9rog\u00e8nes.<br>Leur formation de haut niveau leur permet aussi de s\u2019investir dans la vie de l\u2019\u00e9tablissement (professeur principal, projets, regard diff\u00e9rent sur l\u2019\u00e9l\u00e8ve&#8230;).Par le volet spor:f du 2S2C, M. BLANQUER semble avoir exauc\u00e9 le v\u0153u de 21 d\u00e9put\u00e9s de LREM qui souhaitaient que les \u00e9ducateurs spor:fs soient en charge du public scolaire lors de la r\u00e9ouverture des \u00e9tablissements. Leur r\u00e9f\u00e9rence au mod\u00e8le \u00ab allemand \u00bb (activit\u00e9 sur la base du volontariat et parfois payante) bien que remis en cause ou abandonn\u00e9 depuis des ann\u00e9es dans les l\u00e4nder, leur argument \u00e9conomique (compenser les pertes des clubs amateurs) t\u00e9moignent du manque de percep:on de l\u2019enjeu fondamental de l\u2019Education Physique \u00e0 l\u2019Ecole, celle de l\u2019\u00e9mancipation de&nbsp;tous&nbsp;les \u00e9l\u00e8ves par la pra:que physique et sportive.Ce dispositif va accentuer encore les difficult\u00e9s \u00e0 r\u00e9pondre \u00e0 cet enjeu en mettant en concurrence, pour l\u2019utilisation des installations sportives, cours d\u2019EPS et dispositif 2S2C (voir un courrier de la ville de RENNES).Nous ne comprenons donc pas l\u2019int\u00e9r\u00eat pour les \u00e9l\u00e8ves de la mise en place, sur le long terme, de ce dispositif couteux qui concurrence \u00e9conomiquement (400 postes de moins au concours du CAPEPS) notre enseignement de l\u2019EPS actuel qui est dispens\u00e9 par un personnel mieux form\u00e9 pour la diversit\u00e9 du public scolaire.Le SNEP Martinique ne peut cautionner ce dispositif mais milite pour un v\u00e9ritable retour en force de l\u2019EPS dans les \u00e9tablissements en tant que discipline scolaire et pr\u00f4ne pour une \u00e9preuve obligatoire au CRPE afin de garantir une formation compl\u00e8te et \u00e9quilibr\u00e9e de nos jeunes martiniquais.<\/li><\/ul>\n\n\n\n<p><strong>SNEP MARTINIQUE<\/strong><\/p>\n\n\n\n<figure class=\"wp-block-image size-large\"><img decoding=\"async\" loading=\"lazy\" width=\"800\" height=\"386\" src=\"http:\/\/www.snepfsu-martinique.net\/wp-content\/uploads\/2020\/12\/9a2a7dff.png\" alt=\"\" class=\"wp-image-477\" srcset=\"https:\/\/www.snepfsu-martinique.net\/wp-content\/uploads\/2020\/12\/9a2a7dff.png 800w, https:\/\/www.snepfsu-martinique.net\/wp-content\/uploads\/2020\/12\/9a2a7dff-300x145.png 300w, https:\/\/www.snepfsu-martinique.net\/wp-content\/uploads\/2020\/12\/9a2a7dff-768x371.png 768w\" sizes=\"(max-width: 800px) 100vw, 800px\" \/><\/figure>\n","protected":false},"excerpt":{"rendered":"<p>Evoqu\u00e9 fin avril puis officialis\u00e9 le 8 mai, Le ministre de l\u2019\u00e9ducation nationale a d\u00e9cid\u00e9 la mise en place pour<\/p>\n","protected":false},"author":1,"featured_media":476,"comment_status":"open","ping_status":"open","sticky":false,"template":"","format":"standard","meta":{"_bbp_topic_count":0,"_bbp_reply_count":0,"_bbp_total_topic_count":0,"_bbp_total_reply_count":0,"_bbp_voice_count":0,"_bbp_anonymous_reply_count":0,"_bbp_topic_count_hidden":0,"_bbp_reply_count_hidden":0,"_bbp_forum_subforum_count":0},"categories":[1],"tags":[],"_links":{"self":[{"href":"https:\/\/www.snepfsu-martinique.net\/index.php\/wp-json\/wp\/v2\/posts\/475"}],"collection":[{"href":"https:\/\/www.snepfsu-martinique.net\/index.php\/wp-json\/wp\/v2\/posts"}],"about":[{"href":"https:\/\/www.snepfsu-martinique.net\/index.php\/wp-json\/wp\/v2\/types\/post"}],"author":[{"embeddable":true,"href":"https:\/\/www.snepfsu-martinique.net\/index.php\/wp-json\/wp\/v2\/users\/1"}],"replies":[{"embeddable":true,"href":"https:\/\/www.snepfsu-martinique.net\/index.php\/wp-json\/wp\/v2\/comments?post=475"}],"version-history":[{"count":1,"href":"https:\/\/www.snepfsu-martinique.net\/index.php\/wp-json\/wp\/v2\/posts\/475\/revisions"}],"predecessor-version":[{"id":478,"href":"https:\/\/www.snepfsu-martinique.net\/index.php\/wp-json\/wp\/v2\/posts\/475\/revisions\/478"}],"wp:featuredmedia":[{"embeddable":true,"href":"https:\/\/www.snepfsu-martinique.net\/index.php\/wp-json\/wp\/v2\/media\/476"}],"wp:attachment":[{"href":"https:\/\/www.snepfsu-martinique.net\/index.php\/wp-json\/wp\/v2\/media?parent=475"}],"wp:term":[{"taxonomy":"category","embeddable":true,"href":"https:\/\/www.snepfsu-martinique.net\/index.php\/wp-json\/wp\/v2\/categories?post=475"},{"taxonomy":"post_tag","embeddable":true,"href":"https:\/\/www.snepfsu-martinique.net\/index.php\/wp-json\/wp\/v2\/tags?post=475"}],"curies":[{"name":"wp","href":"https:\/\/api.w.org\/{rel}","templated":true}]}}